{"id":453,"date":"2021-07-20T09:58:36","date_gmt":"2021-07-20T16:58:36","guid":{"rendered":"https:\/\/rodrigo-amarante.com\/news\/rodrigo-se-apresentara-no-ford-theatre\/"},"modified":"2021-07-20T10:11:59","modified_gmt":"2021-07-20T17:11:59","slug":"rodrigo-se-apresentara-no-ford-theatre","status":"publish","type":"post","link":"https:\/\/rodrigo-amarante.com\/pt-br\/news\/rodrigo-se-apresentara-no-ford-theatre\/","title":{"rendered":"Rodrigo se apresentar\u00e1 no Ford Theatre"},"content":{"rendered":"\n<p>Rodrigo vai tocar no Ford Theatre em Los Angeles no dia 22 de outubro de 2021! Os ingressos j\u00e1 est\u00e3o \u00e0 venda <a href=\"https:\/\/www.theford.com\/events\/performances\/1303\/2021-10-22\/rodrigo-amarante\" target=\"_blank\" rel=\"noreferrer noopener\">aqui.<\/a><\/p>\n\n<figure class=\"wp-block-image size-large\"><img loading=\"lazy\" width=\"1024\" height=\"1024\" src=\"https:\/\/rodrigo-amarante.com\/wp-content\/uploads\/2021\/07\/Rodrigo-Amarante-Square-1024x1024.png\" alt=\"\" class=\"wp-image-396\" srcset=\"https:\/\/rodrigo-amarante.com\/wp-content\/uploads\/2021\/07\/Rodrigo-Amarante-Square-1024x1024.png 1024w, https:\/\/rodrigo-amarante.com\/wp-content\/uploads\/2021\/07\/Rodrigo-Amarante-Square-300x300.png 300w, https:\/\/rodrigo-amarante.com\/wp-content\/uploads\/2021\/07\/Rodrigo-Amarante-Square-150x150.png 150w, https:\/\/rodrigo-amarante.com\/wp-content\/uploads\/2021\/07\/Rodrigo-Amarante-Square-768x768.png 768w, https:\/\/rodrigo-amarante.com\/wp-content\/uploads\/2021\/07\/Rodrigo-Amarante-Square-1536x1536.png 1536w, https:\/\/rodrigo-amarante.com\/wp-content\/uploads\/2021\/07\/Rodrigo-Amarante-Square-2048x2048.png 2048w, https:\/\/rodrigo-amarante.com\/wp-content\/uploads\/2021\/07\/Rodrigo-Amarante-Square-1200x1200.png 1200w\" sizes=\"(max-width: 1024px) 100vw, 1024px\" \/><\/figure>\n<p><\/p>\n","protected":false},"excerpt":{"rendered":"<p>Rodrigo vai tocar no Ford Theatre em Los Angeles no dia 22 de outubro de 2021! Os ingressos j\u00e1 est\u00e3o \u00e0 venda aqui.<\/p>\n","protected":false},"author":5,"featured_media":397,"comment_status":"closed","ping_status":"closed","sticky":false,"template":"","format":"standard","meta":[],"categories":[3],"tags":[],"acf":[],"yoast_head":"<!-- This site is optimized with the Yoast SEO plugin v17.9 - https:\/\/yoast.com\/wordpress\/plugins\/seo\/ -->\n<title>Rodrigo se apresentar\u00e1 no Ford Theatre - Rodrigo Amarante<\/title>\n<meta name=\"robots\" content=\"index, follow, max-snippet:-1, max-image-preview:large, max-video-preview:-1\" \/>\n<link rel=\"canonical\" href=\"https:\/\/rodrigo-amarante.com\/pt-br\/news\/rodrigo-se-apresentara-no-ford-theatre\/\" \/>\n<meta property=\"og:locale\" content=\"pt_BR\" \/>\n<meta property=\"og:type\" content=\"article\" \/>\n<meta property=\"og:title\" content=\"Rodrigo se apresentar\u00e1 no Ford Theatre - Rodrigo Amarante\" \/>\n<meta property=\"og:description\" content=\"Rodrigo vai tocar no Ford Theatre em Los Angeles no dia 22 de outubro de 2021! Os ingressos j\u00e1 est\u00e3o \u00e0 venda aqui.\" \/>\n<meta property=\"og:url\" content=\"https:\/\/rodrigo-amarante.com\/pt-br\/news\/rodrigo-se-apresentara-no-ford-theatre\/\" \/>\n<meta property=\"og:site_name\" content=\"Rodrigo Amarante\" \/>\n<meta property=\"article:published_time\" content=\"2021-07-20T16:58:36+00:00\" \/>\n<meta property=\"article:modified_time\" content=\"2021-07-20T17:11:59+00:00\" \/>\n<meta property=\"og:image\" content=\"https:\/\/rodrigo-amarante.com\/wp-content\/uploads\/2021\/07\/Rodrigo-Amarante-Square-1024x1024.png\" \/>\n\t<meta property=\"og:image:width\" content=\"1024\" \/>\n\t<meta property=\"og:image:height\" content=\"1024\" \/>\n\t<meta property=\"og:image:type\" content=\"image\/png\" \/>\n<meta name=\"twitter:card\" content=\"summary_large_image\" \/>\n<meta name=\"twitter:label1\" content=\"Escrito por\" \/>\n\t<meta name=\"twitter:data1\" content=\"Gary Walker\" \/>\n<script type=\"application\/ld+json\" class=\"yoast-schema-graph\">{\"@context\":\"https:\/\/schema.org\",\"@graph\":[{\"@type\":\"WebSite\",\"@id\":\"https:\/\/rodrigo-amarante.com\/en\/#website\",\"url\":\"https:\/\/rodrigo-amarante.com\/en\/\",\"name\":\"Rodrigo Amarante\",\"description\":\"NY-based songwriter and multi-instrumentalist\",\"potentialAction\":[{\"@type\":\"SearchAction\",\"target\":{\"@type\":\"EntryPoint\",\"urlTemplate\":\"https:\/\/rodrigo-amarante.com\/en\/?s={search_term_string}\"},\"query-input\":\"required name=search_term_string\"}],\"inLanguage\":\"pt-BR\"},{\"@type\":\"ImageObject\",\"@id\":\"https:\/\/rodrigo-amarante.com\/pt-br\/news\/rodrigo-se-apresentara-no-ford-theatre\/#primaryimage\",\"inLanguage\":\"pt-BR\",\"url\":\"https:\/\/rodrigo-amarante.com\/wp-content\/uploads\/2021\/07\/Rodrigo-Amarante-Square.png\",\"contentUrl\":\"https:\/\/rodrigo-amarante.com\/wp-content\/uploads\/2021\/07\/Rodrigo-Amarante-Square.png\",\"width\":2161,\"height\":2161},{\"@type\":\"WebPage\",\"@id\":\"https:\/\/rodrigo-amarante.com\/pt-br\/news\/rodrigo-se-apresentara-no-ford-theatre\/#webpage\",\"url\":\"https:\/\/rodrigo-amarante.com\/pt-br\/news\/rodrigo-se-apresentara-no-ford-theatre\/\",\"name\":\"Rodrigo se apresentar\\u00e1 no Ford Theatre - Rodrigo Amarante\",\"isPartOf\":{\"@id\":\"https:\/\/rodrigo-amarante.com\/en\/#website\"},\"primaryImageOfPage\":{\"@id\":\"https:\/\/rodrigo-amarante.com\/pt-br\/news\/rodrigo-se-apresentara-no-ford-theatre\/#primaryimage\"},\"datePublished\":\"2021-07-20T16:58:36+00:00\",\"dateModified\":\"2021-07-20T17:11:59+00:00\",\"author\":{\"@id\":\"https:\/\/rodrigo-amarante.com\/en\/#\/schema\/person\/860d9ffdc62d3fa443a50f771fcc189a\"},\"breadcrumb\":{\"@id\":\"https:\/\/rodrigo-amarante.com\/pt-br\/news\/rodrigo-se-apresentara-no-ford-theatre\/#breadcrumb\"},\"inLanguage\":\"pt-BR\",\"potentialAction\":[{\"@type\":\"ReadAction\",\"target\":[\"https:\/\/rodrigo-amarante.com\/pt-br\/news\/rodrigo-se-apresentara-no-ford-theatre\/\"]}]},{\"@type\":\"BreadcrumbList\",\"@id\":\"https:\/\/rodrigo-amarante.com\/pt-br\/news\/rodrigo-se-apresentara-no-ford-theatre\/#breadcrumb\",\"itemListElement\":[{\"@type\":\"ListItem\",\"position\":1,\"name\":\"Home\",\"item\":\"https:\/\/rodrigo-amarante.com\/pt-br\/\"},{\"@type\":\"ListItem\",\"position\":2,\"name\":\"Rodrigo se apresentar\\u00e1 no Ford Theatre\"}]},{\"@type\":\"Person\",\"@id\":\"https:\/\/rodrigo-amarante.com\/en\/#\/schema\/person\/860d9ffdc62d3fa443a50f771fcc189a\",\"name\":\"Gary Walker\",\"image\":{\"@type\":\"ImageObject\",\"@id\":\"https:\/\/rodrigo-amarante.com\/en\/#personlogo\",\"inLanguage\":\"pt-BR\",\"url\":\"https:\/\/secure.gravatar.com\/avatar\/c2bd2ac7a3409a24a1929ab0fbe3fdfa?s=96&d=mm&r=g\",\"contentUrl\":\"https:\/\/secure.gravatar.com\/avatar\/c2bd2ac7a3409a24a1929ab0fbe3fdfa?s=96&d=mm&r=g\",\"caption\":\"Gary Walker\"}}]}<\/script>\n<!-- \/ Yoast SEO plugin. -->","yoast_head_json":{"title":"Rodrigo se apresentar\u00e1 no Ford Theatre - Rodrigo Amarante","robots":{"index":"index","follow":"follow","max-snippet":"max-snippet:-1","max-image-preview":"max-image-preview:large","max-video-preview":"max-video-preview:-1"},"canonical":"https:\/\/rodrigo-amarante.com\/pt-br\/news\/rodrigo-se-apresentara-no-ford-theatre\/","og_locale":"pt_BR","og_type":"article","og_title":"Rodrigo se apresentar\u00e1 no Ford Theatre - Rodrigo Amarante","og_description":"Rodrigo vai tocar no Ford Theatre em Los Angeles no dia 22 de outubro de 2021! Os ingressos j\u00e1 est\u00e3o \u00e0 venda aqui.","og_url":"https:\/\/rodrigo-amarante.com\/pt-br\/news\/rodrigo-se-apresentara-no-ford-theatre\/","og_site_name":"Rodrigo Amarante","article_published_time":"2021-07-20T16:58:36+00:00","article_modified_time":"2021-07-20T17:11:59+00:00","og_image":[{"width":1024,"height":1024,"url":"https:\/\/rodrigo-amarante.com\/wp-content\/uploads\/2021\/07\/Rodrigo-Amarante-Square-1024x1024.png","type":"image\/png"}],"twitter_card":"summary_large_image","twitter_misc":{"Escrito por":"Gary Walker"},"schema":{"@context":"https:\/\/schema.org","@graph":[{"@type":"WebSite","@id":"https:\/\/rodrigo-amarante.com\/en\/#website","url":"https:\/\/rodrigo-amarante.com\/en\/","name":"Rodrigo Amarante","description":"NY-based songwriter and multi-instrumentalist","potentialAction":[{"@type":"SearchAction","target":{"@type":"EntryPoint","urlTemplate":"https:\/\/rodrigo-amarante.com\/en\/?s={search_term_string}"},"query-input":"required name=search_term_string"}],"inLanguage":"pt-BR"},{"@type":"ImageObject","@id":"https:\/\/rodrigo-amarante.com\/pt-br\/news\/rodrigo-se-apresentara-no-ford-theatre\/#primaryimage","inLanguage":"pt-BR","url":"https:\/\/rodrigo-amarante.com\/wp-content\/uploads\/2021\/07\/Rodrigo-Amarante-Square.png","contentUrl":"https:\/\/rodrigo-amarante.com\/wp-content\/uploads\/2021\/07\/Rodrigo-Amarante-Square.png","width":2161,"height":2161},{"@type":"WebPage","@id":"https:\/\/rodrigo-amarante.com\/pt-br\/news\/rodrigo-se-apresentara-no-ford-theatre\/#webpage","url":"https:\/\/rodrigo-amarante.com\/pt-br\/news\/rodrigo-se-apresentara-no-ford-theatre\/","name":"Rodrigo se apresentar\u00e1 no Ford Theatre - Rodrigo Amarante","isPartOf":{"@id":"https:\/\/rodrigo-amarante.com\/en\/#website"},"primaryImageOfPage":{"@id":"https:\/\/rodrigo-amarante.com\/pt-br\/news\/rodrigo-se-apresentara-no-ford-theatre\/#primaryimage"},"datePublished":"2021-07-20T16:58:36+00:00","dateModified":"2021-07-20T17:11:59+00:00","author":{"@id":"https:\/\/rodrigo-amarante.com\/en\/#\/schema\/person\/860d9ffdc62d3fa443a50f771fcc189a"},"breadcrumb":{"@id":"https:\/\/rodrigo-amarante.com\/pt-br\/news\/rodrigo-se-apresentara-no-ford-theatre\/#breadcrumb"},"inLanguage":"pt-BR","potentialAction":[{"@type":"ReadAction","target":["https:\/\/rodrigo-amarante.com\/pt-br\/news\/rodrigo-se-apresentara-no-ford-theatre\/"]}]},{"@type":"BreadcrumbList","@id":"https:\/\/rodrigo-amarante.com\/pt-br\/news\/rodrigo-se-apresentara-no-ford-theatre\/#breadcrumb","itemListElement":[{"@type":"ListItem","position":1,"name":"Home","item":"https:\/\/rodrigo-amarante.com\/pt-br\/"},{"@type":"ListItem","position":2,"name":"Rodrigo se apresentar\u00e1 no Ford Theatre"}]},{"@type":"Person","@id":"https:\/\/rodrigo-amarante.com\/en\/#\/schema\/person\/860d9ffdc62d3fa443a50f771fcc189a","name":"Gary Walker","image":{"@type":"ImageObject","@id":"https:\/\/rodrigo-amarante.com\/en\/#personlogo","inLanguage":"pt-BR","url":"https:\/\/secure.gravatar.com\/avatar\/c2bd2ac7a3409a24a1929ab0fbe3fdfa?s=96&d=mm&r=g","contentUrl":"https:\/\/secure.gravatar.com\/avatar\/c2bd2ac7a3409a24a1929ab0fbe3fdfa?s=96&d=mm&r=g","caption":"Gary Walker"}}]}},"_links":{"self":[{"href":"https:\/\/rodrigo-amarante.com\/pt-br\/wp-json\/wp\/v2\/posts\/453"}],"collection":[{"href":"https:\/\/rodrigo-amarante.com\/pt-br\/wp-json\/wp\/v2\/posts"}],"about":[{"href":"https:\/\/rodrigo-amarante.com\/pt-br\/wp-json\/wp\/v2\/types\/post"}],"author":[{"embeddable":true,"href":"https:\/\/rodrigo-amarante.com\/pt-br\/wp-json\/wp\/v2\/users\/5"}],"replies":[{"embeddable":true,"href":"https:\/\/rodrigo-amarante.com\/pt-br\/wp-json\/wp\/v2\/comments?post=453"}],"version-history":[{"count":7,"href":"https:\/\/rodrigo-amarante.com\/pt-br\/wp-json\/wp\/v2\/posts\/453\/revisions"}],"predecessor-version":[{"id":478,"href":"https:\/\/rodrigo-amarante.com\/pt-br\/wp-json\/wp\/v2\/posts\/453\/revisions\/478"}],"wp:featuredmedia":[{"embeddable":true,"href":"https:\/\/rodrigo-amarante.com\/pt-br\/wp-json\/wp\/v2\/media\/397"}],"wp:attachment":[{"href":"https:\/\/rodrigo-amarante.com\/pt-br\/wp-json\/wp\/v2\/media?parent=453"}],"wp:term":[{"taxonomy":"category","embeddable":true,"href":"https:\/\/rodrigo-amarante.com\/pt-br\/wp-json\/wp\/v2\/categories?post=453"},{"taxonomy":"post_tag","embeddable":true,"href":"https:\/\/rodrigo-amarante.com\/pt-br\/wp-json\/wp\/v2\/tags?post=453"}],"curies":[{"name":"wp","href":"https:\/\/api.w.org\/{rel}","templated":true}]}}