{"id":446,"date":"2021-07-20T09:57:23","date_gmt":"2021-07-20T16:57:23","guid":{"rendered":"https:\/\/rodrigo-amarante.com\/news\/rodrigo-fara-turne-pela-europa-abril-de-2022\/"},"modified":"2021-07-20T10:11:12","modified_gmt":"2021-07-20T17:11:12","slug":"rodrigo-fara-turne-pela-europa-abril-de-2022","status":"publish","type":"post","link":"https:\/\/rodrigo-amarante.com\/pt-br\/news\/rodrigo-fara-turne-pela-europa-abril-de-2022\/","title":{"rendered":"Rodrigo far\u00e1 turn\u00ea pela Europa, abril de 2022"},"content":{"rendered":"\n<p>Rodrigo estar\u00e1 de volta \u00e0 Europa na primavera de 2022! Veja abaixo os shows e acesse <a href=\"https:\/\/rodrigo-amarante.com\/pt-br\/concertos\/\" target=\"_blank\" rel=\"noreferrer noopener\">AQUI<\/a> para informa\u00e7\u00f5es sobre ingressos! Volte para ver as atualiza\u00e7\u00f5es.<\/p>\n\n<figure class=\"wp-block-image size-large\"><img loading=\"lazy\" width=\"663\" height=\"1024\" src=\"https:\/\/rodrigo-amarante.com\/wp-content\/uploads\/2021\/07\/rodrigo-admat-eu-663x1024.jpg\" alt=\"\" class=\"wp-image-414\" srcset=\"https:\/\/rodrigo-amarante.com\/wp-content\/uploads\/2021\/07\/rodrigo-admat-eu-663x1024.jpg 663w, https:\/\/rodrigo-amarante.com\/wp-content\/uploads\/2021\/07\/rodrigo-admat-eu-194x300.jpg 194w, https:\/\/rodrigo-amarante.com\/wp-content\/uploads\/2021\/07\/rodrigo-admat-eu-768x1187.jpg 768w, https:\/\/rodrigo-amarante.com\/wp-content\/uploads\/2021\/07\/rodrigo-admat-eu-994x1536.jpg 994w, https:\/\/rodrigo-amarante.com\/wp-content\/uploads\/2021\/07\/rodrigo-admat-eu-1325x2048.jpg 1325w, https:\/\/rodrigo-amarante.com\/wp-content\/uploads\/2021\/07\/rodrigo-admat-eu-1200x1855.jpg 1200w, https:\/\/rodrigo-amarante.com\/wp-content\/uploads\/2021\/07\/rodrigo-admat-eu-scaled.jpg 1656w\" sizes=\"(max-width: 663px) 100vw, 663px\" \/><\/figure>","protected":false},"excerpt":{"rendered":"<p>Rodrigo estar\u00e1 de volta \u00e0 Europa na primavera de 2022! Veja abaixo os shows e acesse AQUI para informa\u00e7\u00f5es sobre ingressos! Volte para ver as atualiza\u00e7\u00f5es.<\/p>\n","protected":false},"author":5,"featured_media":415,"comment_status":"closed","ping_status":"closed","sticky":false,"template":"","format":"standard","meta":[],"categories":[3],"tags":[],"acf":[],"yoast_head":"<!-- This site is optimized with the Yoast SEO plugin v17.9 - https:\/\/yoast.com\/wordpress\/plugins\/seo\/ -->\n<title>Rodrigo far\u00e1 turn\u00ea pela Europa, abril de 2022 - Rodrigo Amarante<\/title>\n<meta name=\"robots\" content=\"index, follow, max-snippet:-1, max-image-preview:large, max-video-preview:-1\" \/>\n<link rel=\"canonical\" href=\"https:\/\/rodrigo-amarante.com\/pt-br\/news\/rodrigo-fara-turne-pela-europa-abril-de-2022\/\" \/>\n<meta property=\"og:locale\" content=\"pt_BR\" \/>\n<meta property=\"og:type\" content=\"article\" \/>\n<meta property=\"og:title\" content=\"Rodrigo far\u00e1 turn\u00ea pela Europa, abril de 2022 - Rodrigo Amarante\" \/>\n<meta property=\"og:description\" content=\"Rodrigo estar\u00e1 de volta \u00e0 Europa na primavera de 2022! Veja abaixo os shows e acesse AQUI para informa\u00e7\u00f5es sobre ingressos! Volte para ver as atualiza\u00e7\u00f5es.\" \/>\n<meta property=\"og:url\" content=\"https:\/\/rodrigo-amarante.com\/pt-br\/news\/rodrigo-fara-turne-pela-europa-abril-de-2022\/\" \/>\n<meta property=\"og:site_name\" content=\"Rodrigo Amarante\" \/>\n<meta property=\"article:published_time\" content=\"2021-07-20T16:57:23+00:00\" \/>\n<meta property=\"article:modified_time\" content=\"2021-07-20T17:11:12+00:00\" \/>\n<meta property=\"og:image\" content=\"https:\/\/rodrigo-amarante.com\/wp-content\/uploads\/2021\/07\/rodrigo-admat-eu-scaled.jpg\" \/>\n\t<meta property=\"og:image:width\" content=\"1656\" \/>\n\t<meta property=\"og:image:height\" content=\"2560\" \/>\n\t<meta property=\"og:image:type\" content=\"image\/jpeg\" \/>\n<meta name=\"twitter:card\" content=\"summary_large_image\" \/>\n<meta name=\"twitter:label1\" content=\"Escrito por\" \/>\n\t<meta name=\"twitter:data1\" content=\"Gary Walker\" \/>\n<script type=\"application\/ld+json\" class=\"yoast-schema-graph\">{\"@context\":\"https:\/\/schema.org\",\"@graph\":[{\"@type\":\"WebSite\",\"@id\":\"https:\/\/rodrigo-amarante.com\/en\/#website\",\"url\":\"https:\/\/rodrigo-amarante.com\/en\/\",\"name\":\"Rodrigo Amarante\",\"description\":\"NY-based songwriter and multi-instrumentalist\",\"potentialAction\":[{\"@type\":\"SearchAction\",\"target\":{\"@type\":\"EntryPoint\",\"urlTemplate\":\"https:\/\/rodrigo-amarante.com\/en\/?s={search_term_string}\"},\"query-input\":\"required name=search_term_string\"}],\"inLanguage\":\"pt-BR\"},{\"@type\":\"ImageObject\",\"@id\":\"https:\/\/rodrigo-amarante.com\/pt-br\/news\/rodrigo-fara-turne-pela-europa-abril-de-2022\/#primaryimage\",\"inLanguage\":\"pt-BR\",\"url\":\"https:\/\/rodrigo-amarante.com\/wp-content\/uploads\/2021\/07\/rodrigo-admat-eu-scaled.jpg\",\"contentUrl\":\"https:\/\/rodrigo-amarante.com\/wp-content\/uploads\/2021\/07\/rodrigo-admat-eu-scaled.jpg\",\"width\":1656,\"height\":2560},{\"@type\":\"WebPage\",\"@id\":\"https:\/\/rodrigo-amarante.com\/pt-br\/news\/rodrigo-fara-turne-pela-europa-abril-de-2022\/#webpage\",\"url\":\"https:\/\/rodrigo-amarante.com\/pt-br\/news\/rodrigo-fara-turne-pela-europa-abril-de-2022\/\",\"name\":\"Rodrigo far\\u00e1 turn\\u00ea pela Europa, abril de 2022 - Rodrigo Amarante\",\"isPartOf\":{\"@id\":\"https:\/\/rodrigo-amarante.com\/en\/#website\"},\"primaryImageOfPage\":{\"@id\":\"https:\/\/rodrigo-amarante.com\/pt-br\/news\/rodrigo-fara-turne-pela-europa-abril-de-2022\/#primaryimage\"},\"datePublished\":\"2021-07-20T16:57:23+00:00\",\"dateModified\":\"2021-07-20T17:11:12+00:00\",\"author\":{\"@id\":\"https:\/\/rodrigo-amarante.com\/en\/#\/schema\/person\/860d9ffdc62d3fa443a50f771fcc189a\"},\"breadcrumb\":{\"@id\":\"https:\/\/rodrigo-amarante.com\/pt-br\/news\/rodrigo-fara-turne-pela-europa-abril-de-2022\/#breadcrumb\"},\"inLanguage\":\"pt-BR\",\"potentialAction\":[{\"@type\":\"ReadAction\",\"target\":[\"https:\/\/rodrigo-amarante.com\/pt-br\/news\/rodrigo-fara-turne-pela-europa-abril-de-2022\/\"]}]},{\"@type\":\"BreadcrumbList\",\"@id\":\"https:\/\/rodrigo-amarante.com\/pt-br\/news\/rodrigo-fara-turne-pela-europa-abril-de-2022\/#breadcrumb\",\"itemListElement\":[{\"@type\":\"ListItem\",\"position\":1,\"name\":\"Home\",\"item\":\"https:\/\/rodrigo-amarante.com\/pt-br\/\"},{\"@type\":\"ListItem\",\"position\":2,\"name\":\"Rodrigo far\\u00e1 turn\\u00ea pela Europa, abril de 2022\"}]},{\"@type\":\"Person\",\"@id\":\"https:\/\/rodrigo-amarante.com\/en\/#\/schema\/person\/860d9ffdc62d3fa443a50f771fcc189a\",\"name\":\"Gary Walker\",\"image\":{\"@type\":\"ImageObject\",\"@id\":\"https:\/\/rodrigo-amarante.com\/en\/#personlogo\",\"inLanguage\":\"pt-BR\",\"url\":\"https:\/\/secure.gravatar.com\/avatar\/c2bd2ac7a3409a24a1929ab0fbe3fdfa?s=96&d=mm&r=g\",\"contentUrl\":\"https:\/\/secure.gravatar.com\/avatar\/c2bd2ac7a3409a24a1929ab0fbe3fdfa?s=96&d=mm&r=g\",\"caption\":\"Gary Walker\"}}]}<\/script>\n<!-- \/ Yoast SEO plugin. -->","yoast_head_json":{"title":"Rodrigo far\u00e1 turn\u00ea pela Europa, abril de 2022 - Rodrigo Amarante","robots":{"index":"index","follow":"follow","max-snippet":"max-snippet:-1","max-image-preview":"max-image-preview:large","max-video-preview":"max-video-preview:-1"},"canonical":"https:\/\/rodrigo-amarante.com\/pt-br\/news\/rodrigo-fara-turne-pela-europa-abril-de-2022\/","og_locale":"pt_BR","og_type":"article","og_title":"Rodrigo far\u00e1 turn\u00ea pela Europa, abril de 2022 - Rodrigo Amarante","og_description":"Rodrigo estar\u00e1 de volta \u00e0 Europa na primavera de 2022! Veja abaixo os shows e acesse AQUI para informa\u00e7\u00f5es sobre ingressos! Volte para ver as atualiza\u00e7\u00f5es.","og_url":"https:\/\/rodrigo-amarante.com\/pt-br\/news\/rodrigo-fara-turne-pela-europa-abril-de-2022\/","og_site_name":"Rodrigo Amarante","article_published_time":"2021-07-20T16:57:23+00:00","article_modified_time":"2021-07-20T17:11:12+00:00","og_image":[{"width":1656,"height":2560,"url":"https:\/\/rodrigo-amarante.com\/wp-content\/uploads\/2021\/07\/rodrigo-admat-eu-scaled.jpg","type":"image\/jpeg"}],"twitter_card":"summary_large_image","twitter_misc":{"Escrito por":"Gary Walker"},"schema":{"@context":"https:\/\/schema.org","@graph":[{"@type":"WebSite","@id":"https:\/\/rodrigo-amarante.com\/en\/#website","url":"https:\/\/rodrigo-amarante.com\/en\/","name":"Rodrigo Amarante","description":"NY-based songwriter and multi-instrumentalist","potentialAction":[{"@type":"SearchAction","target":{"@type":"EntryPoint","urlTemplate":"https:\/\/rodrigo-amarante.com\/en\/?s={search_term_string}"},"query-input":"required name=search_term_string"}],"inLanguage":"pt-BR"},{"@type":"ImageObject","@id":"https:\/\/rodrigo-amarante.com\/pt-br\/news\/rodrigo-fara-turne-pela-europa-abril-de-2022\/#primaryimage","inLanguage":"pt-BR","url":"https:\/\/rodrigo-amarante.com\/wp-content\/uploads\/2021\/07\/rodrigo-admat-eu-scaled.jpg","contentUrl":"https:\/\/rodrigo-amarante.com\/wp-content\/uploads\/2021\/07\/rodrigo-admat-eu-scaled.jpg","width":1656,"height":2560},{"@type":"WebPage","@id":"https:\/\/rodrigo-amarante.com\/pt-br\/news\/rodrigo-fara-turne-pela-europa-abril-de-2022\/#webpage","url":"https:\/\/rodrigo-amarante.com\/pt-br\/news\/rodrigo-fara-turne-pela-europa-abril-de-2022\/","name":"Rodrigo far\u00e1 turn\u00ea pela Europa, abril de 2022 - Rodrigo Amarante","isPartOf":{"@id":"https:\/\/rodrigo-amarante.com\/en\/#website"},"primaryImageOfPage":{"@id":"https:\/\/rodrigo-amarante.com\/pt-br\/news\/rodrigo-fara-turne-pela-europa-abril-de-2022\/#primaryimage"},"datePublished":"2021-07-20T16:57:23+00:00","dateModified":"2021-07-20T17:11:12+00:00","author":{"@id":"https:\/\/rodrigo-amarante.com\/en\/#\/schema\/person\/860d9ffdc62d3fa443a50f771fcc189a"},"breadcrumb":{"@id":"https:\/\/rodrigo-amarante.com\/pt-br\/news\/rodrigo-fara-turne-pela-europa-abril-de-2022\/#breadcrumb"},"inLanguage":"pt-BR","potentialAction":[{"@type":"ReadAction","target":["https:\/\/rodrigo-amarante.com\/pt-br\/news\/rodrigo-fara-turne-pela-europa-abril-de-2022\/"]}]},{"@type":"BreadcrumbList","@id":"https:\/\/rodrigo-amarante.com\/pt-br\/news\/rodrigo-fara-turne-pela-europa-abril-de-2022\/#breadcrumb","itemListElement":[{"@type":"ListItem","position":1,"name":"Home","item":"https:\/\/rodrigo-amarante.com\/pt-br\/"},{"@type":"ListItem","position":2,"name":"Rodrigo far\u00e1 turn\u00ea pela Europa, abril de 2022"}]},{"@type":"Person","@id":"https:\/\/rodrigo-amarante.com\/en\/#\/schema\/person\/860d9ffdc62d3fa443a50f771fcc189a","name":"Gary Walker","image":{"@type":"ImageObject","@id":"https:\/\/rodrigo-amarante.com\/en\/#personlogo","inLanguage":"pt-BR","url":"https:\/\/secure.gravatar.com\/avatar\/c2bd2ac7a3409a24a1929ab0fbe3fdfa?s=96&d=mm&r=g","contentUrl":"https:\/\/secure.gravatar.com\/avatar\/c2bd2ac7a3409a24a1929ab0fbe3fdfa?s=96&d=mm&r=g","caption":"Gary Walker"}}]}},"_links":{"self":[{"href":"https:\/\/rodrigo-amarante.com\/pt-br\/wp-json\/wp\/v2\/posts\/446"}],"collection":[{"href":"https:\/\/rodrigo-amarante.com\/pt-br\/wp-json\/wp\/v2\/posts"}],"about":[{"href":"https:\/\/rodrigo-amarante.com\/pt-br\/wp-json\/wp\/v2\/types\/post"}],"author":[{"embeddable":true,"href":"https:\/\/rodrigo-amarante.com\/pt-br\/wp-json\/wp\/v2\/users\/5"}],"replies":[{"embeddable":true,"href":"https:\/\/rodrigo-amarante.com\/pt-br\/wp-json\/wp\/v2\/comments?post=446"}],"version-history":[{"count":3,"href":"https:\/\/rodrigo-amarante.com\/pt-br\/wp-json\/wp\/v2\/posts\/446\/revisions"}],"predecessor-version":[{"id":470,"href":"https:\/\/rodrigo-amarante.com\/pt-br\/wp-json\/wp\/v2\/posts\/446\/revisions\/470"}],"wp:featuredmedia":[{"embeddable":true,"href":"https:\/\/rodrigo-amarante.com\/pt-br\/wp-json\/wp\/v2\/media\/415"}],"wp:attachment":[{"href":"https:\/\/rodrigo-amarante.com\/pt-br\/wp-json\/wp\/v2\/media?parent=446"}],"wp:term":[{"taxonomy":"category","embeddable":true,"href":"https:\/\/rodrigo-amarante.com\/pt-br\/wp-json\/wp\/v2\/categories?post=446"},{"taxonomy":"post_tag","embeddable":true,"href":"https:\/\/rodrigo-amarante.com\/pt-br\/wp-json\/wp\/v2\/tags?post=446"}],"curies":[{"name":"wp","href":"https:\/\/api.w.org\/{rel}","templated":true}]}}