{"id":437,"date":"2021-07-20T09:48:59","date_gmt":"2021-07-20T16:48:59","guid":{"rendered":"https:\/\/rodrigo-amarante.com\/news\/rodrigo-lanca-leilao-de-venda-de-mudancas\/"},"modified":"2021-07-20T10:12:27","modified_gmt":"2021-07-20T17:12:27","slug":"rodrigo-lanca-leilao-de-venda-de-mudancas","status":"publish","type":"post","link":"https:\/\/rodrigo-amarante.com\/pt-br\/news\/rodrigo-lanca-leilao-de-venda-de-mudancas\/","title":{"rendered":"Rodrigo lan\u00e7a leil\u00e3o de venda de mudan\u00e7as"},"content":{"rendered":"\n<p>Rodrigo lan\u00e7ou uma p\u00e1gina de leil\u00f5es onde voc\u00ea pode adquirir v\u00e1rios adere\u00e7os e fantasias peculiares de seus videoclipes enquanto faz uma boa a\u00e7\u00e3o A primeira edi\u00e7\u00e3o inclui itens do v\u00eddeo &#8220;Mar\u00e9&#8221;, como o gigante Connect 4 que ele usou para suas anima\u00e7\u00f5es, as cadeiras que ele fez como adere\u00e7os, bem como os v\u00e1rios trajes coloridos que ele exibia alegremente l\u00e1. Mais por vir! Confira <a href=\"https:\/\/one.bidpal.net\/moving\/welcome\" target=\"_blank\" rel=\"noreferrer noopener\">aqui.<\/a><\/p>\n\n<figure class=\"wp-block-image size-large\"><img loading=\"lazy\" width=\"907\" height=\"1024\" src=\"https:\/\/rodrigo-amarante.com\/wp-content\/uploads\/2021\/07\/Photo-Feb-16-8-53-37-PM-907x1024.jpeg\" alt=\"\" class=\"wp-image-426\" srcset=\"https:\/\/rodrigo-amarante.com\/wp-content\/uploads\/2021\/07\/Photo-Feb-16-8-53-37-PM-907x1024.jpeg 907w, https:\/\/rodrigo-amarante.com\/wp-content\/uploads\/2021\/07\/Photo-Feb-16-8-53-37-PM-266x300.jpeg 266w, https:\/\/rodrigo-amarante.com\/wp-content\/uploads\/2021\/07\/Photo-Feb-16-8-53-37-PM-768x867.jpeg 768w, https:\/\/rodrigo-amarante.com\/wp-content\/uploads\/2021\/07\/Photo-Feb-16-8-53-37-PM-1360x1536.jpeg 1360w, https:\/\/rodrigo-amarante.com\/wp-content\/uploads\/2021\/07\/Photo-Feb-16-8-53-37-PM-1813x2048.jpeg 1813w, https:\/\/rodrigo-amarante.com\/wp-content\/uploads\/2021\/07\/Photo-Feb-16-8-53-37-PM-1200x1355.jpeg 1200w\" sizes=\"(max-width: 907px) 100vw, 907px\" \/><\/figure>","protected":false},"excerpt":{"rendered":"<p>Rodrigo lan\u00e7ou uma p\u00e1gina de leil\u00f5es onde voc\u00ea pode adquirir v\u00e1rios adere\u00e7os e fantasias peculiares de seus videoclipes enquanto faz uma boa a\u00e7\u00e3o A primeira edi\u00e7\u00e3o inclui itens do v\u00eddeo &#8220;Mar\u00e9&#8221;, como o gigante Connect 4 que ele usou para suas anima\u00e7\u00f5es, as cadeiras que ele fez como adere\u00e7os, bem como os v\u00e1rios trajes coloridos [&hellip;]<\/p>\n","protected":false},"author":5,"featured_media":427,"comment_status":"closed","ping_status":"closed","sticky":false,"template":"","format":"standard","meta":[],"categories":[3],"tags":[],"acf":[],"yoast_head":"<!-- This site is optimized with the Yoast SEO plugin v17.9 - https:\/\/yoast.com\/wordpress\/plugins\/seo\/ -->\n<title>Rodrigo lan\u00e7a leil\u00e3o de venda de mudan\u00e7as - Rodrigo Amarante<\/title>\n<meta name=\"robots\" content=\"index, follow, max-snippet:-1, max-image-preview:large, max-video-preview:-1\" \/>\n<link rel=\"canonical\" href=\"https:\/\/rodrigo-amarante.com\/pt-br\/news\/rodrigo-lanca-leilao-de-venda-de-mudancas\/\" \/>\n<meta property=\"og:locale\" content=\"pt_BR\" \/>\n<meta property=\"og:type\" content=\"article\" \/>\n<meta property=\"og:title\" content=\"Rodrigo lan\u00e7a leil\u00e3o de venda de mudan\u00e7as - Rodrigo Amarante\" \/>\n<meta property=\"og:description\" content=\"Rodrigo lan\u00e7ou uma p\u00e1gina de leil\u00f5es onde voc\u00ea pode adquirir v\u00e1rios adere\u00e7os e fantasias peculiares de seus videoclipes enquanto faz uma boa a\u00e7\u00e3o A primeira edi\u00e7\u00e3o inclui itens do v\u00eddeo &#8220;Mar\u00e9&#8221;, como o gigante Connect 4 que ele usou para suas anima\u00e7\u00f5es, as cadeiras que ele fez como adere\u00e7os, bem como os v\u00e1rios trajes coloridos [&hellip;]\" \/>\n<meta property=\"og:url\" content=\"https:\/\/rodrigo-amarante.com\/pt-br\/news\/rodrigo-lanca-leilao-de-venda-de-mudancas\/\" \/>\n<meta property=\"og:site_name\" content=\"Rodrigo Amarante\" \/>\n<meta property=\"article:published_time\" content=\"2021-07-20T16:48:59+00:00\" \/>\n<meta property=\"article:modified_time\" content=\"2021-07-20T17:12:27+00:00\" \/>\n<meta property=\"og:image\" content=\"https:\/\/rodrigo-amarante.com\/wp-content\/uploads\/2021\/07\/Photo-Feb-16-8-53-37-PM-scaled.jpeg\" \/>\n\t<meta property=\"og:image:width\" content=\"2267\" \/>\n\t<meta property=\"og:image:height\" content=\"2560\" \/>\n\t<meta property=\"og:image:type\" content=\"image\/jpeg\" \/>\n<meta name=\"twitter:card\" content=\"summary_large_image\" \/>\n<meta name=\"twitter:label1\" content=\"Escrito por\" \/>\n\t<meta name=\"twitter:data1\" content=\"Gary Walker\" \/>\n<script type=\"application\/ld+json\" class=\"yoast-schema-graph\">{\"@context\":\"https:\/\/schema.org\",\"@graph\":[{\"@type\":\"WebSite\",\"@id\":\"https:\/\/rodrigo-amarante.com\/en\/#website\",\"url\":\"https:\/\/rodrigo-amarante.com\/en\/\",\"name\":\"Rodrigo Amarante\",\"description\":\"NY-based songwriter and multi-instrumentalist\",\"potentialAction\":[{\"@type\":\"SearchAction\",\"target\":{\"@type\":\"EntryPoint\",\"urlTemplate\":\"https:\/\/rodrigo-amarante.com\/en\/?s={search_term_string}\"},\"query-input\":\"required name=search_term_string\"}],\"inLanguage\":\"pt-BR\"},{\"@type\":\"ImageObject\",\"@id\":\"https:\/\/rodrigo-amarante.com\/pt-br\/news\/rodrigo-lanca-leilao-de-venda-de-mudancas\/#primaryimage\",\"inLanguage\":\"pt-BR\",\"url\":\"https:\/\/rodrigo-amarante.com\/wp-content\/uploads\/2021\/07\/Photo-Feb-16-8-53-37-PM-scaled.jpeg\",\"contentUrl\":\"https:\/\/rodrigo-amarante.com\/wp-content\/uploads\/2021\/07\/Photo-Feb-16-8-53-37-PM-scaled.jpeg\",\"width\":2267,\"height\":2560},{\"@type\":\"WebPage\",\"@id\":\"https:\/\/rodrigo-amarante.com\/pt-br\/news\/rodrigo-lanca-leilao-de-venda-de-mudancas\/#webpage\",\"url\":\"https:\/\/rodrigo-amarante.com\/pt-br\/news\/rodrigo-lanca-leilao-de-venda-de-mudancas\/\",\"name\":\"Rodrigo lan\\u00e7a leil\\u00e3o de venda de mudan\\u00e7as - Rodrigo Amarante\",\"isPartOf\":{\"@id\":\"https:\/\/rodrigo-amarante.com\/en\/#website\"},\"primaryImageOfPage\":{\"@id\":\"https:\/\/rodrigo-amarante.com\/pt-br\/news\/rodrigo-lanca-leilao-de-venda-de-mudancas\/#primaryimage\"},\"datePublished\":\"2021-07-20T16:48:59+00:00\",\"dateModified\":\"2021-07-20T17:12:27+00:00\",\"author\":{\"@id\":\"https:\/\/rodrigo-amarante.com\/en\/#\/schema\/person\/860d9ffdc62d3fa443a50f771fcc189a\"},\"breadcrumb\":{\"@id\":\"https:\/\/rodrigo-amarante.com\/pt-br\/news\/rodrigo-lanca-leilao-de-venda-de-mudancas\/#breadcrumb\"},\"inLanguage\":\"pt-BR\",\"potentialAction\":[{\"@type\":\"ReadAction\",\"target\":[\"https:\/\/rodrigo-amarante.com\/pt-br\/news\/rodrigo-lanca-leilao-de-venda-de-mudancas\/\"]}]},{\"@type\":\"BreadcrumbList\",\"@id\":\"https:\/\/rodrigo-amarante.com\/pt-br\/news\/rodrigo-lanca-leilao-de-venda-de-mudancas\/#breadcrumb\",\"itemListElement\":[{\"@type\":\"ListItem\",\"position\":1,\"name\":\"Home\",\"item\":\"https:\/\/rodrigo-amarante.com\/pt-br\/\"},{\"@type\":\"ListItem\",\"position\":2,\"name\":\"Rodrigo lan\\u00e7a leil\\u00e3o de venda de mudan\\u00e7as\"}]},{\"@type\":\"Person\",\"@id\":\"https:\/\/rodrigo-amarante.com\/en\/#\/schema\/person\/860d9ffdc62d3fa443a50f771fcc189a\",\"name\":\"Gary Walker\",\"image\":{\"@type\":\"ImageObject\",\"@id\":\"https:\/\/rodrigo-amarante.com\/en\/#personlogo\",\"inLanguage\":\"pt-BR\",\"url\":\"https:\/\/secure.gravatar.com\/avatar\/c2bd2ac7a3409a24a1929ab0fbe3fdfa?s=96&d=mm&r=g\",\"contentUrl\":\"https:\/\/secure.gravatar.com\/avatar\/c2bd2ac7a3409a24a1929ab0fbe3fdfa?s=96&d=mm&r=g\",\"caption\":\"Gary Walker\"}}]}<\/script>\n<!-- \/ Yoast SEO plugin. -->","yoast_head_json":{"title":"Rodrigo lan\u00e7a leil\u00e3o de venda de mudan\u00e7as - Rodrigo Amarante","robots":{"index":"index","follow":"follow","max-snippet":"max-snippet:-1","max-image-preview":"max-image-preview:large","max-video-preview":"max-video-preview:-1"},"canonical":"https:\/\/rodrigo-amarante.com\/pt-br\/news\/rodrigo-lanca-leilao-de-venda-de-mudancas\/","og_locale":"pt_BR","og_type":"article","og_title":"Rodrigo lan\u00e7a leil\u00e3o de venda de mudan\u00e7as - Rodrigo Amarante","og_description":"Rodrigo lan\u00e7ou uma p\u00e1gina de leil\u00f5es onde voc\u00ea pode adquirir v\u00e1rios adere\u00e7os e fantasias peculiares de seus videoclipes enquanto faz uma boa a\u00e7\u00e3o A primeira edi\u00e7\u00e3o inclui itens do v\u00eddeo &#8220;Mar\u00e9&#8221;, como o gigante Connect 4 que ele usou para suas anima\u00e7\u00f5es, as cadeiras que ele fez como adere\u00e7os, bem como os v\u00e1rios trajes coloridos [&hellip;]","og_url":"https:\/\/rodrigo-amarante.com\/pt-br\/news\/rodrigo-lanca-leilao-de-venda-de-mudancas\/","og_site_name":"Rodrigo Amarante","article_published_time":"2021-07-20T16:48:59+00:00","article_modified_time":"2021-07-20T17:12:27+00:00","og_image":[{"width":2267,"height":2560,"url":"https:\/\/rodrigo-amarante.com\/wp-content\/uploads\/2021\/07\/Photo-Feb-16-8-53-37-PM-scaled.jpeg","type":"image\/jpeg"}],"twitter_card":"summary_large_image","twitter_misc":{"Escrito por":"Gary Walker"},"schema":{"@context":"https:\/\/schema.org","@graph":[{"@type":"WebSite","@id":"https:\/\/rodrigo-amarante.com\/en\/#website","url":"https:\/\/rodrigo-amarante.com\/en\/","name":"Rodrigo Amarante","description":"NY-based songwriter and multi-instrumentalist","potentialAction":[{"@type":"SearchAction","target":{"@type":"EntryPoint","urlTemplate":"https:\/\/rodrigo-amarante.com\/en\/?s={search_term_string}"},"query-input":"required name=search_term_string"}],"inLanguage":"pt-BR"},{"@type":"ImageObject","@id":"https:\/\/rodrigo-amarante.com\/pt-br\/news\/rodrigo-lanca-leilao-de-venda-de-mudancas\/#primaryimage","inLanguage":"pt-BR","url":"https:\/\/rodrigo-amarante.com\/wp-content\/uploads\/2021\/07\/Photo-Feb-16-8-53-37-PM-scaled.jpeg","contentUrl":"https:\/\/rodrigo-amarante.com\/wp-content\/uploads\/2021\/07\/Photo-Feb-16-8-53-37-PM-scaled.jpeg","width":2267,"height":2560},{"@type":"WebPage","@id":"https:\/\/rodrigo-amarante.com\/pt-br\/news\/rodrigo-lanca-leilao-de-venda-de-mudancas\/#webpage","url":"https:\/\/rodrigo-amarante.com\/pt-br\/news\/rodrigo-lanca-leilao-de-venda-de-mudancas\/","name":"Rodrigo lan\u00e7a leil\u00e3o de venda de mudan\u00e7as - Rodrigo Amarante","isPartOf":{"@id":"https:\/\/rodrigo-amarante.com\/en\/#website"},"primaryImageOfPage":{"@id":"https:\/\/rodrigo-amarante.com\/pt-br\/news\/rodrigo-lanca-leilao-de-venda-de-mudancas\/#primaryimage"},"datePublished":"2021-07-20T16:48:59+00:00","dateModified":"2021-07-20T17:12:27+00:00","author":{"@id":"https:\/\/rodrigo-amarante.com\/en\/#\/schema\/person\/860d9ffdc62d3fa443a50f771fcc189a"},"breadcrumb":{"@id":"https:\/\/rodrigo-amarante.com\/pt-br\/news\/rodrigo-lanca-leilao-de-venda-de-mudancas\/#breadcrumb"},"inLanguage":"pt-BR","potentialAction":[{"@type":"ReadAction","target":["https:\/\/rodrigo-amarante.com\/pt-br\/news\/rodrigo-lanca-leilao-de-venda-de-mudancas\/"]}]},{"@type":"BreadcrumbList","@id":"https:\/\/rodrigo-amarante.com\/pt-br\/news\/rodrigo-lanca-leilao-de-venda-de-mudancas\/#breadcrumb","itemListElement":[{"@type":"ListItem","position":1,"name":"Home","item":"https:\/\/rodrigo-amarante.com\/pt-br\/"},{"@type":"ListItem","position":2,"name":"Rodrigo lan\u00e7a leil\u00e3o de venda de mudan\u00e7as"}]},{"@type":"Person","@id":"https:\/\/rodrigo-amarante.com\/en\/#\/schema\/person\/860d9ffdc62d3fa443a50f771fcc189a","name":"Gary Walker","image":{"@type":"ImageObject","@id":"https:\/\/rodrigo-amarante.com\/en\/#personlogo","inLanguage":"pt-BR","url":"https:\/\/secure.gravatar.com\/avatar\/c2bd2ac7a3409a24a1929ab0fbe3fdfa?s=96&d=mm&r=g","contentUrl":"https:\/\/secure.gravatar.com\/avatar\/c2bd2ac7a3409a24a1929ab0fbe3fdfa?s=96&d=mm&r=g","caption":"Gary Walker"}}]}},"_links":{"self":[{"href":"https:\/\/rodrigo-amarante.com\/pt-br\/wp-json\/wp\/v2\/posts\/437"}],"collection":[{"href":"https:\/\/rodrigo-amarante.com\/pt-br\/wp-json\/wp\/v2\/posts"}],"about":[{"href":"https:\/\/rodrigo-amarante.com\/pt-br\/wp-json\/wp\/v2\/types\/post"}],"author":[{"embeddable":true,"href":"https:\/\/rodrigo-amarante.com\/pt-br\/wp-json\/wp\/v2\/users\/5"}],"replies":[{"embeddable":true,"href":"https:\/\/rodrigo-amarante.com\/pt-br\/wp-json\/wp\/v2\/comments?post=437"}],"version-history":[{"count":9,"href":"https:\/\/rodrigo-amarante.com\/pt-br\/wp-json\/wp\/v2\/posts\/437\/revisions"}],"predecessor-version":[{"id":484,"href":"https:\/\/rodrigo-amarante.com\/pt-br\/wp-json\/wp\/v2\/posts\/437\/revisions\/484"}],"wp:featuredmedia":[{"embeddable":true,"href":"https:\/\/rodrigo-amarante.com\/pt-br\/wp-json\/wp\/v2\/media\/427"}],"wp:attachment":[{"href":"https:\/\/rodrigo-amarante.com\/pt-br\/wp-json\/wp\/v2\/media?parent=437"}],"wp:term":[{"taxonomy":"category","embeddable":true,"href":"https:\/\/rodrigo-amarante.com\/pt-br\/wp-json\/wp\/v2\/categories?post=437"},{"taxonomy":"post_tag","embeddable":true,"href":"https:\/\/rodrigo-amarante.com\/pt-br\/wp-json\/wp\/v2\/tags?post=437"}],"curies":[{"name":"wp","href":"https:\/\/api.w.org\/{rel}","templated":true}]}}