{"id":433,"date":"2021-07-20T09:29:29","date_gmt":"2021-07-20T16:29:29","guid":{"rendered":"https:\/\/rodrigo-amarante.com\/news\/o-album-altamente-antecipado-de-rodrigo-drama-ja-saiu\/"},"modified":"2021-07-20T10:12:31","modified_gmt":"2021-07-20T17:12:31","slug":"o-album-altamente-antecipado-de-rodrigo-drama-ja-saiu","status":"publish","type":"post","link":"https:\/\/rodrigo-amarante.com\/pt-br\/news\/o-album-altamente-antecipado-de-rodrigo-drama-ja-saiu\/","title":{"rendered":"O \u00e1lbum altamente antecipado de Rodrigo, &#8220;Drama&#8221;, j\u00e1 saiu"},"content":{"rendered":"\n<p>Temos o prazer de anunciar o lan\u00e7amento do t\u00e3o aguardado novo \u00e1lbum de Rodrigo, <strong><em>&#8220;Drama&#8221;,<\/em><\/strong> agora pela Polyvinyl Records. Finalmente a espera acabou! Voc\u00ea pode comprar <strong><em>&#8220;Drama&#8221;<\/em><\/strong> E a reedi\u00e7\u00e3o especial do LP <em>&#8220;Cavalo&#8221;<\/em> <a href=\"https:\/\/www.polyvinylrecords.com\/artist\/rodrigo_amarante\" target=\"_blank\" rel=\"noreferrer noopener\">AQUI.<\/a> Edi\u00e7\u00f5es antecipadas tamb\u00e9m est\u00e3o dispon\u00edveis e super limitadas &#8211; apenas 1500 de <strong><em>&#8220;Drama&#8221;<\/em><\/strong> e 750 de <em>&#8220;Cavalo&#8221;<\/em>. <br\/><br\/>Para ouvir em seus servi\u00e7os de streaming favoritos, clique <a href=\"https:\/\/rodrigo-amarante.ffm.to\/drama\" target=\"_blank\" rel=\"noreferrer noopener\">AQUI.<\/a> Apreciar.<\/p>\n\n<figure class=\"wp-block-gallery columns-3 is-cropped\"><ul class=\"blocks-gallery-grid\"><li class=\"blocks-gallery-item\"><figure><img loading=\"lazy\" width=\"1024\" height=\"1024\" src=\"https:\/\/rodrigo-amarante.com\/wp-content\/uploads\/2021\/07\/FRONT-DRAMA-1024x1024.jpg\" alt=\"\" data-id=\"421\" data-full-url=\"https:\/\/rodrigo-amarante.com\/wp-content\/uploads\/2021\/07\/FRONT-DRAMA.jpg\" data-link=\"https:\/\/rodrigo-amarante.com\/en\/?attachment_id=421\" class=\"wp-image-421\" srcset=\"https:\/\/rodrigo-amarante.com\/wp-content\/uploads\/2021\/07\/FRONT-DRAMA-1024x1024.jpg 1024w, https:\/\/rodrigo-amarante.com\/wp-content\/uploads\/2021\/07\/FRONT-DRAMA-300x300.jpg 300w, https:\/\/rodrigo-amarante.com\/wp-content\/uploads\/2021\/07\/FRONT-DRAMA-150x150.jpg 150w, https:\/\/rodrigo-amarante.com\/wp-content\/uploads\/2021\/07\/FRONT-DRAMA-768x768.jpg 768w, https:\/\/rodrigo-amarante.com\/wp-content\/uploads\/2021\/07\/FRONT-DRAMA-1536x1536.jpg 1536w, https:\/\/rodrigo-amarante.com\/wp-content\/uploads\/2021\/07\/FRONT-DRAMA-1200x1200.jpg 1200w, https:\/\/rodrigo-amarante.com\/wp-content\/uploads\/2021\/07\/FRONT-DRAMA.jpg 2022w\" sizes=\"(max-width: 1024px) 100vw, 1024px\" \/><\/figure><\/li><li class=\"blocks-gallery-item\"><figure><img loading=\"lazy\" width=\"1024\" height=\"1024\" src=\"https:\/\/rodrigo-amarante.com\/wp-content\/uploads\/2021\/07\/MIDDLE-DRAMA-1024x1024.jpg\" alt=\"\" data-id=\"423\" data-full-url=\"https:\/\/rodrigo-amarante.com\/wp-content\/uploads\/2021\/07\/MIDDLE-DRAMA-scaled.jpg\" data-link=\"https:\/\/rodrigo-amarante.com\/en\/?attachment_id=423\" class=\"wp-image-423\" srcset=\"https:\/\/rodrigo-amarante.com\/wp-content\/uploads\/2021\/07\/MIDDLE-DRAMA-1024x1024.jpg 1024w, https:\/\/rodrigo-amarante.com\/wp-content\/uploads\/2021\/07\/MIDDLE-DRAMA-300x300.jpg 300w, https:\/\/rodrigo-amarante.com\/wp-content\/uploads\/2021\/07\/MIDDLE-DRAMA-150x150.jpg 150w, https:\/\/rodrigo-amarante.com\/wp-content\/uploads\/2021\/07\/MIDDLE-DRAMA-768x768.jpg 768w, https:\/\/rodrigo-amarante.com\/wp-content\/uploads\/2021\/07\/MIDDLE-DRAMA-1536x1536.jpg 1536w, https:\/\/rodrigo-amarante.com\/wp-content\/uploads\/2021\/07\/MIDDLE-DRAMA-2048x2048.jpg 2048w, https:\/\/rodrigo-amarante.com\/wp-content\/uploads\/2021\/07\/MIDDLE-DRAMA-1200x1200.jpg 1200w\" sizes=\"(max-width: 1024px) 100vw, 1024px\" \/><\/figure><\/li><li class=\"blocks-gallery-item\"><figure><img loading=\"lazy\" width=\"1024\" height=\"1024\" src=\"https:\/\/rodrigo-amarante.com\/wp-content\/uploads\/2021\/07\/FRONT-CAVALO-1024x1024.jpg\" alt=\"\" data-id=\"419\" data-full-url=\"https:\/\/rodrigo-amarante.com\/wp-content\/uploads\/2021\/07\/FRONT-CAVALO.jpg\" data-link=\"https:\/\/rodrigo-amarante.com\/en\/?attachment_id=419\" class=\"wp-image-419\" srcset=\"https:\/\/rodrigo-amarante.com\/wp-content\/uploads\/2021\/07\/FRONT-CAVALO-1024x1024.jpg 1024w, https:\/\/rodrigo-amarante.com\/wp-content\/uploads\/2021\/07\/FRONT-CAVALO-300x300.jpg 300w, https:\/\/rodrigo-amarante.com\/wp-content\/uploads\/2021\/07\/FRONT-CAVALO-150x150.jpg 150w, https:\/\/rodrigo-amarante.com\/wp-content\/uploads\/2021\/07\/FRONT-CAVALO-768x768.jpg 768w, https:\/\/rodrigo-amarante.com\/wp-content\/uploads\/2021\/07\/FRONT-CAVALO-1536x1536.jpg 1536w, https:\/\/rodrigo-amarante.com\/wp-content\/uploads\/2021\/07\/FRONT-CAVALO-1200x1200.jpg 1200w, https:\/\/rodrigo-amarante.com\/wp-content\/uploads\/2021\/07\/FRONT-CAVALO.jpg 2022w\" sizes=\"(max-width: 1024px) 100vw, 1024px\" \/><\/figure><\/li><\/ul><\/figure>","protected":false},"excerpt":{"rendered":"<p>Temos o prazer de anunciar o lan\u00e7amento do t\u00e3o aguardado novo \u00e1lbum de Rodrigo, &#8220;Drama&#8221;, agora pela Polyvinyl Records. Finalmente a espera acabou! Voc\u00ea pode comprar &#8220;Drama&#8221; E a reedi\u00e7\u00e3o especial do LP &#8220;Cavalo&#8221; AQUI. Edi\u00e7\u00f5es antecipadas tamb\u00e9m est\u00e3o dispon\u00edveis e super limitadas &#8211; apenas 1500 de &#8220;Drama&#8221; e 750 de &#8220;Cavalo&#8221;. Para ouvir em [&hellip;]<\/p>\n","protected":false},"author":5,"featured_media":422,"comment_status":"closed","ping_status":"closed","sticky":false,"template":"","format":"standard","meta":[],"categories":[3],"tags":[],"acf":[],"yoast_head":"<!-- This site is optimized with the Yoast SEO plugin v17.9 - https:\/\/yoast.com\/wordpress\/plugins\/seo\/ -->\n<title>O \u00e1lbum altamente antecipado de Rodrigo, &quot;Drama&quot;, j\u00e1 saiu - Rodrigo Amarante<\/title>\n<meta name=\"robots\" content=\"index, follow, max-snippet:-1, max-image-preview:large, max-video-preview:-1\" \/>\n<link rel=\"canonical\" href=\"https:\/\/rodrigo-amarante.com\/pt-br\/news\/o-album-altamente-antecipado-de-rodrigo-drama-ja-saiu\/\" \/>\n<meta property=\"og:locale\" content=\"pt_BR\" \/>\n<meta property=\"og:type\" content=\"article\" \/>\n<meta property=\"og:title\" content=\"O \u00e1lbum altamente antecipado de Rodrigo, &quot;Drama&quot;, j\u00e1 saiu - Rodrigo Amarante\" \/>\n<meta property=\"og:description\" content=\"Temos o prazer de anunciar o lan\u00e7amento do t\u00e3o aguardado novo \u00e1lbum de Rodrigo, &#8220;Drama&#8221;, agora pela Polyvinyl Records. Finalmente a espera acabou! Voc\u00ea pode comprar &#8220;Drama&#8221; E a reedi\u00e7\u00e3o especial do LP &#8220;Cavalo&#8221; AQUI. Edi\u00e7\u00f5es antecipadas tamb\u00e9m est\u00e3o dispon\u00edveis e super limitadas &#8211; apenas 1500 de &#8220;Drama&#8221; e 750 de &#8220;Cavalo&#8221;. Para ouvir em [&hellip;]\" \/>\n<meta property=\"og:url\" content=\"https:\/\/rodrigo-amarante.com\/pt-br\/news\/o-album-altamente-antecipado-de-rodrigo-drama-ja-saiu\/\" \/>\n<meta property=\"og:site_name\" content=\"Rodrigo Amarante\" \/>\n<meta property=\"article:published_time\" content=\"2021-07-20T16:29:29+00:00\" \/>\n<meta property=\"article:modified_time\" content=\"2021-07-20T17:12:31+00:00\" \/>\n<meta property=\"og:image\" content=\"https:\/\/rodrigo-amarante.com\/wp-content\/uploads\/2021\/07\/FRONT-DRAMA-1024x1024.jpg\" \/>\n\t<meta property=\"og:image:width\" content=\"1024\" \/>\n\t<meta property=\"og:image:height\" content=\"1024\" \/>\n\t<meta property=\"og:image:type\" content=\"image\/jpeg\" \/>\n<meta name=\"twitter:card\" content=\"summary_large_image\" \/>\n<meta name=\"twitter:label1\" content=\"Escrito por\" \/>\n\t<meta name=\"twitter:data1\" content=\"Gary Walker\" \/>\n<script type=\"application\/ld+json\" class=\"yoast-schema-graph\">{\"@context\":\"https:\/\/schema.org\",\"@graph\":[{\"@type\":\"WebSite\",\"@id\":\"https:\/\/rodrigo-amarante.com\/en\/#website\",\"url\":\"https:\/\/rodrigo-amarante.com\/en\/\",\"name\":\"Rodrigo Amarante\",\"description\":\"NY-based songwriter and multi-instrumentalist\",\"potentialAction\":[{\"@type\":\"SearchAction\",\"target\":{\"@type\":\"EntryPoint\",\"urlTemplate\":\"https:\/\/rodrigo-amarante.com\/en\/?s={search_term_string}\"},\"query-input\":\"required name=search_term_string\"}],\"inLanguage\":\"pt-BR\"},{\"@type\":\"ImageObject\",\"@id\":\"https:\/\/rodrigo-amarante.com\/pt-br\/news\/o-album-altamente-antecipado-de-rodrigo-drama-ja-saiu\/#primaryimage\",\"inLanguage\":\"pt-BR\",\"url\":\"https:\/\/rodrigo-amarante.com\/wp-content\/uploads\/2021\/07\/FRONT-DRAMA.jpg\",\"contentUrl\":\"https:\/\/rodrigo-amarante.com\/wp-content\/uploads\/2021\/07\/FRONT-DRAMA.jpg\",\"width\":2022,\"height\":2022},{\"@type\":\"WebPage\",\"@id\":\"https:\/\/rodrigo-amarante.com\/pt-br\/news\/o-album-altamente-antecipado-de-rodrigo-drama-ja-saiu\/#webpage\",\"url\":\"https:\/\/rodrigo-amarante.com\/pt-br\/news\/o-album-altamente-antecipado-de-rodrigo-drama-ja-saiu\/\",\"name\":\"O \\u00e1lbum altamente antecipado de Rodrigo, \\\"Drama\\\", j\\u00e1 saiu - Rodrigo Amarante\",\"isPartOf\":{\"@id\":\"https:\/\/rodrigo-amarante.com\/en\/#website\"},\"primaryImageOfPage\":{\"@id\":\"https:\/\/rodrigo-amarante.com\/pt-br\/news\/o-album-altamente-antecipado-de-rodrigo-drama-ja-saiu\/#primaryimage\"},\"datePublished\":\"2021-07-20T16:29:29+00:00\",\"dateModified\":\"2021-07-20T17:12:31+00:00\",\"author\":{\"@id\":\"https:\/\/rodrigo-amarante.com\/en\/#\/schema\/person\/860d9ffdc62d3fa443a50f771fcc189a\"},\"breadcrumb\":{\"@id\":\"https:\/\/rodrigo-amarante.com\/pt-br\/news\/o-album-altamente-antecipado-de-rodrigo-drama-ja-saiu\/#breadcrumb\"},\"inLanguage\":\"pt-BR\",\"potentialAction\":[{\"@type\":\"ReadAction\",\"target\":[\"https:\/\/rodrigo-amarante.com\/pt-br\/news\/o-album-altamente-antecipado-de-rodrigo-drama-ja-saiu\/\"]}]},{\"@type\":\"BreadcrumbList\",\"@id\":\"https:\/\/rodrigo-amarante.com\/pt-br\/news\/o-album-altamente-antecipado-de-rodrigo-drama-ja-saiu\/#breadcrumb\",\"itemListElement\":[{\"@type\":\"ListItem\",\"position\":1,\"name\":\"Home\",\"item\":\"https:\/\/rodrigo-amarante.com\/pt-br\/\"},{\"@type\":\"ListItem\",\"position\":2,\"name\":\"O \\u00e1lbum altamente antecipado de Rodrigo, &#8220;Drama&#8221;, j\\u00e1 saiu\"}]},{\"@type\":\"Person\",\"@id\":\"https:\/\/rodrigo-amarante.com\/en\/#\/schema\/person\/860d9ffdc62d3fa443a50f771fcc189a\",\"name\":\"Gary Walker\",\"image\":{\"@type\":\"ImageObject\",\"@id\":\"https:\/\/rodrigo-amarante.com\/en\/#personlogo\",\"inLanguage\":\"pt-BR\",\"url\":\"https:\/\/secure.gravatar.com\/avatar\/c2bd2ac7a3409a24a1929ab0fbe3fdfa?s=96&d=mm&r=g\",\"contentUrl\":\"https:\/\/secure.gravatar.com\/avatar\/c2bd2ac7a3409a24a1929ab0fbe3fdfa?s=96&d=mm&r=g\",\"caption\":\"Gary Walker\"}}]}<\/script>\n<!-- \/ Yoast SEO plugin. -->","yoast_head_json":{"title":"O \u00e1lbum altamente antecipado de Rodrigo, \"Drama\", j\u00e1 saiu - Rodrigo Amarante","robots":{"index":"index","follow":"follow","max-snippet":"max-snippet:-1","max-image-preview":"max-image-preview:large","max-video-preview":"max-video-preview:-1"},"canonical":"https:\/\/rodrigo-amarante.com\/pt-br\/news\/o-album-altamente-antecipado-de-rodrigo-drama-ja-saiu\/","og_locale":"pt_BR","og_type":"article","og_title":"O \u00e1lbum altamente antecipado de Rodrigo, \"Drama\", j\u00e1 saiu - Rodrigo Amarante","og_description":"Temos o prazer de anunciar o lan\u00e7amento do t\u00e3o aguardado novo \u00e1lbum de Rodrigo, &#8220;Drama&#8221;, agora pela Polyvinyl Records. Finalmente a espera acabou! Voc\u00ea pode comprar &#8220;Drama&#8221; E a reedi\u00e7\u00e3o especial do LP &#8220;Cavalo&#8221; AQUI. Edi\u00e7\u00f5es antecipadas tamb\u00e9m est\u00e3o dispon\u00edveis e super limitadas &#8211; apenas 1500 de &#8220;Drama&#8221; e 750 de &#8220;Cavalo&#8221;. Para ouvir em [&hellip;]","og_url":"https:\/\/rodrigo-amarante.com\/pt-br\/news\/o-album-altamente-antecipado-de-rodrigo-drama-ja-saiu\/","og_site_name":"Rodrigo Amarante","article_published_time":"2021-07-20T16:29:29+00:00","article_modified_time":"2021-07-20T17:12:31+00:00","og_image":[{"width":1024,"height":1024,"url":"https:\/\/rodrigo-amarante.com\/wp-content\/uploads\/2021\/07\/FRONT-DRAMA-1024x1024.jpg","type":"image\/jpeg"}],"twitter_card":"summary_large_image","twitter_misc":{"Escrito por":"Gary Walker"},"schema":{"@context":"https:\/\/schema.org","@graph":[{"@type":"WebSite","@id":"https:\/\/rodrigo-amarante.com\/en\/#website","url":"https:\/\/rodrigo-amarante.com\/en\/","name":"Rodrigo Amarante","description":"NY-based songwriter and multi-instrumentalist","potentialAction":[{"@type":"SearchAction","target":{"@type":"EntryPoint","urlTemplate":"https:\/\/rodrigo-amarante.com\/en\/?s={search_term_string}"},"query-input":"required name=search_term_string"}],"inLanguage":"pt-BR"},{"@type":"ImageObject","@id":"https:\/\/rodrigo-amarante.com\/pt-br\/news\/o-album-altamente-antecipado-de-rodrigo-drama-ja-saiu\/#primaryimage","inLanguage":"pt-BR","url":"https:\/\/rodrigo-amarante.com\/wp-content\/uploads\/2021\/07\/FRONT-DRAMA.jpg","contentUrl":"https:\/\/rodrigo-amarante.com\/wp-content\/uploads\/2021\/07\/FRONT-DRAMA.jpg","width":2022,"height":2022},{"@type":"WebPage","@id":"https:\/\/rodrigo-amarante.com\/pt-br\/news\/o-album-altamente-antecipado-de-rodrigo-drama-ja-saiu\/#webpage","url":"https:\/\/rodrigo-amarante.com\/pt-br\/news\/o-album-altamente-antecipado-de-rodrigo-drama-ja-saiu\/","name":"O \u00e1lbum altamente antecipado de Rodrigo, \"Drama\", j\u00e1 saiu - Rodrigo Amarante","isPartOf":{"@id":"https:\/\/rodrigo-amarante.com\/en\/#website"},"primaryImageOfPage":{"@id":"https:\/\/rodrigo-amarante.com\/pt-br\/news\/o-album-altamente-antecipado-de-rodrigo-drama-ja-saiu\/#primaryimage"},"datePublished":"2021-07-20T16:29:29+00:00","dateModified":"2021-07-20T17:12:31+00:00","author":{"@id":"https:\/\/rodrigo-amarante.com\/en\/#\/schema\/person\/860d9ffdc62d3fa443a50f771fcc189a"},"breadcrumb":{"@id":"https:\/\/rodrigo-amarante.com\/pt-br\/news\/o-album-altamente-antecipado-de-rodrigo-drama-ja-saiu\/#breadcrumb"},"inLanguage":"pt-BR","potentialAction":[{"@type":"ReadAction","target":["https:\/\/rodrigo-amarante.com\/pt-br\/news\/o-album-altamente-antecipado-de-rodrigo-drama-ja-saiu\/"]}]},{"@type":"BreadcrumbList","@id":"https:\/\/rodrigo-amarante.com\/pt-br\/news\/o-album-altamente-antecipado-de-rodrigo-drama-ja-saiu\/#breadcrumb","itemListElement":[{"@type":"ListItem","position":1,"name":"Home","item":"https:\/\/rodrigo-amarante.com\/pt-br\/"},{"@type":"ListItem","position":2,"name":"O \u00e1lbum altamente antecipado de Rodrigo, &#8220;Drama&#8221;, j\u00e1 saiu"}]},{"@type":"Person","@id":"https:\/\/rodrigo-amarante.com\/en\/#\/schema\/person\/860d9ffdc62d3fa443a50f771fcc189a","name":"Gary Walker","image":{"@type":"ImageObject","@id":"https:\/\/rodrigo-amarante.com\/en\/#personlogo","inLanguage":"pt-BR","url":"https:\/\/secure.gravatar.com\/avatar\/c2bd2ac7a3409a24a1929ab0fbe3fdfa?s=96&d=mm&r=g","contentUrl":"https:\/\/secure.gravatar.com\/avatar\/c2bd2ac7a3409a24a1929ab0fbe3fdfa?s=96&d=mm&r=g","caption":"Gary Walker"}}]}},"_links":{"self":[{"href":"https:\/\/rodrigo-amarante.com\/pt-br\/wp-json\/wp\/v2\/posts\/433"}],"collection":[{"href":"https:\/\/rodrigo-amarante.com\/pt-br\/wp-json\/wp\/v2\/posts"}],"about":[{"href":"https:\/\/rodrigo-amarante.com\/pt-br\/wp-json\/wp\/v2\/types\/post"}],"author":[{"embeddable":true,"href":"https:\/\/rodrigo-amarante.com\/pt-br\/wp-json\/wp\/v2\/users\/5"}],"replies":[{"embeddable":true,"href":"https:\/\/rodrigo-amarante.com\/pt-br\/wp-json\/wp\/v2\/comments?post=433"}],"version-history":[{"count":11,"href":"https:\/\/rodrigo-amarante.com\/pt-br\/wp-json\/wp\/v2\/posts\/433\/revisions"}],"predecessor-version":[{"id":488,"href":"https:\/\/rodrigo-amarante.com\/pt-br\/wp-json\/wp\/v2\/posts\/433\/revisions\/488"}],"wp:featuredmedia":[{"embeddable":true,"href":"https:\/\/rodrigo-amarante.com\/pt-br\/wp-json\/wp\/v2\/media\/422"}],"wp:attachment":[{"href":"https:\/\/rodrigo-amarante.com\/pt-br\/wp-json\/wp\/v2\/media?parent=433"}],"wp:term":[{"taxonomy":"category","embeddable":true,"href":"https:\/\/rodrigo-amarante.com\/pt-br\/wp-json\/wp\/v2\/categories?post=433"},{"taxonomy":"post_tag","embeddable":true,"href":"https:\/\/rodrigo-amarante.com\/pt-br\/wp-json\/wp\/v2\/tags?post=433"}],"curies":[{"name":"wp","href":"https:\/\/api.w.org\/{rel}","templated":true}]}}