{"id":310,"date":"2021-05-05T05:30:37","date_gmt":"2021-05-05T12:30:37","guid":{"rendered":"https:\/\/rodrigo-amarante.com\/news\/2021\/05\/04\/rodrigo-anuncia-novo-album-drama\/"},"modified":"2021-07-20T10:11:43","modified_gmt":"2021-07-20T17:11:43","slug":"rodrigo-anuncia-novo-album-drama","status":"publish","type":"post","link":"https:\/\/rodrigo-amarante.com\/pt-br\/news\/rodrigo-anuncia-novo-album-drama\/","title":{"rendered":"Rodrigo anuncia novo \u00e1lbum \u201cDrama\u201d, lan\u00e7ado em 16 de julho pela Polyvinyl Records, divide primeiro single da Mar\u00e9 com v\u00eddeo"},"content":{"rendered":"\n<div class=\"wp-block-image\"><figure class=\"aligncenter size-large is-resized\"><img loading=\"lazy\" src=\"https:\/\/rodrigo-amarante.com\/wp-content\/uploads\/2021\/04\/PRC-422_HiRes-1024x1024.jpg\" alt=\"\" class=\"wp-image-286\" width=\"500\" height=\"500\" srcset=\"https:\/\/rodrigo-amarante.com\/wp-content\/uploads\/2021\/04\/PRC-422_HiRes-1024x1024.jpg 1024w, https:\/\/rodrigo-amarante.com\/wp-content\/uploads\/2021\/04\/PRC-422_HiRes-300x300.jpg 300w, https:\/\/rodrigo-amarante.com\/wp-content\/uploads\/2021\/04\/PRC-422_HiRes-150x150.jpg 150w, https:\/\/rodrigo-amarante.com\/wp-content\/uploads\/2021\/04\/PRC-422_HiRes-768x768.jpg 768w, https:\/\/rodrigo-amarante.com\/wp-content\/uploads\/2021\/04\/PRC-422_HiRes-1536x1536.jpg 1536w, https:\/\/rodrigo-amarante.com\/wp-content\/uploads\/2021\/04\/PRC-422_HiRes-2048x2048.jpg 2048w, https:\/\/rodrigo-amarante.com\/wp-content\/uploads\/2021\/04\/PRC-422_HiRes-1200x1200.jpg 1200w\" sizes=\"(max-width: 500px) 100vw, 500px\" \/><\/figure><\/div>\n\n<p class=\"has-text-align-center\">Rodrigo Amarante lan\u00e7ar\u00e1 seu aguardado sucessor de \u201cCavalo\u201d de 2014 com \u201cDrama\u201d em 16 de julho de 2021 pela <a href=\"https:\/\/www.polyvinylrecords.com\/artist\/rodrigo_amarante\" target=\"_blank\" rel=\"noreferrer noopener\">Polyvinyl Records<\/a>. Voc\u00ea pode pr\u00e9-encomendar &#8220;Drama&#8221; e salvar em seu servi\u00e7o de streaming favorito clicando <a href=\"https:\/\/www.polyvinylrecords.com\" target=\"_blank\" rel=\"noreferrer noopener\">AQUI<\/a>. Voc\u00ea pode solicitar o original, anteriormente esgotado, Cavalo LP (Edi\u00e7\u00e3o EUA) com um desenho a l\u00e1pis adicionado de uma fruta n\u00e3o revelada, assinado pelo pr\u00f3prio Sr. Amarante <a href=\"https:\/\/www.hellomerch.com\/collections\/rodrigo-amarante\/products\/cavalo-autographed-lp\" target=\"_blank\" rel=\"noreferrer noopener\">AQUI<\/a>.<\/p>\n\n<p class=\"has-text-align-center\">Assista ao trailer de &#8220;Drama&#8221; abaixo.<\/p>\n\n<figure class=\"wp-block-embed is-type-video is-provider-youtube wp-block-embed-youtube wp-embed-aspect-16-9 wp-has-aspect-ratio\"><div class=\"wp-block-embed__wrapper\">\n<iframe loading=\"lazy\" title=\"Rodrigo Amarante - Drama [OFFICIAL ALBUM TRAILER]\" width=\"500\" height=\"281\" src=\"https:\/\/www.youtube.com\/embed\/OhysUw-0P6Q?feature=oembed\" frameborder=\"0\" allow=\"accelerometer; autoplay; clipboard-write; encrypted-media; gyroscope; picture-in-picture\" allowfullscreen><\/iframe>\n<\/div><\/figure>\n\n<p class=\"has-text-align-center\">Watch the video for first single, Mar\u00e9.<\/p>\n\n<figure class=\"wp-block-embed is-type-video is-provider-youtube wp-block-embed-youtube wp-embed-aspect-4-3 wp-has-aspect-ratio\"><div class=\"wp-block-embed__wrapper\">\n<iframe loading=\"lazy\" title=\"Rodrigo Amarante - Mar\u00e9 [OFFICIAL MUSIC VIDEO]\" width=\"500\" height=\"375\" src=\"https:\/\/www.youtube.com\/embed\/MyV6cb2LlwQ?feature=oembed\" frameborder=\"0\" allow=\"accelerometer; autoplay; clipboard-write; encrypted-media; gyroscope; picture-in-picture\" allowfullscreen><\/iframe>\n<\/div><\/figure>\n\n<p class=\"has-text-align-center\">Rodrigo tamb\u00e9m far\u00e1 uma turn\u00ea pela Europa em abril de 2022. Por favor, veja <a href=\"https:\/\/rodrigo-amarante.com\/pt-br\/concertos\/\">CONCERTOS<\/a> para mais informa\u00e7\u00f5es. E volte sempre, pois mais datas ser\u00e3o anunciadas.<\/p>\n","protected":false},"excerpt":{"rendered":"<p>Rodrigo Amarante lan\u00e7ar\u00e1 seu aguardado sucessor de \u201cCavalo\u201d de 2014 com \u201cDrama\u201d em 16 de julho de 2021 pela Polyvinyl Records. Voc\u00ea pode pr\u00e9-encomendar &#8220;Drama&#8221; e salvar em seu servi\u00e7o de streaming favorito clicando AQUI. Voc\u00ea pode solicitar o original, anteriormente esgotado, Cavalo LP (Edi\u00e7\u00e3o EUA) com um desenho a l\u00e1pis adicionado de uma fruta [&hellip;]<\/p>\n","protected":false},"author":5,"featured_media":287,"comment_status":"closed","ping_status":"closed","sticky":false,"template":"","format":"standard","meta":[],"categories":[3],"tags":[],"acf":[],"yoast_head":"<!-- This site is optimized with the Yoast SEO plugin v17.9 - https:\/\/yoast.com\/wordpress\/plugins\/seo\/ -->\n<title>Rodrigo anuncia novo \u00e1lbum \u201cDrama\u201d, lan\u00e7ado em 16 de julho pela Polyvinyl Records, divide primeiro single da Mar\u00e9 com v\u00eddeo - Rodrigo Amarante<\/title>\n<meta name=\"robots\" content=\"index, follow, max-snippet:-1, max-image-preview:large, max-video-preview:-1\" \/>\n<link rel=\"canonical\" href=\"https:\/\/rodrigo-amarante.com\/pt-br\/news\/rodrigo-anuncia-novo-album-drama\/\" \/>\n<meta property=\"og:locale\" content=\"pt_BR\" \/>\n<meta property=\"og:type\" content=\"article\" \/>\n<meta property=\"og:title\" content=\"Rodrigo anuncia novo \u00e1lbum \u201cDrama\u201d, lan\u00e7ado em 16 de julho pela Polyvinyl Records, divide primeiro single da Mar\u00e9 com v\u00eddeo - Rodrigo Amarante\" \/>\n<meta property=\"og:description\" content=\"Rodrigo Amarante lan\u00e7ar\u00e1 seu aguardado sucessor de \u201cCavalo\u201d de 2014 com \u201cDrama\u201d em 16 de julho de 2021 pela Polyvinyl Records. Voc\u00ea pode pr\u00e9-encomendar &#8220;Drama&#8221; e salvar em seu servi\u00e7o de streaming favorito clicando AQUI. Voc\u00ea pode solicitar o original, anteriormente esgotado, Cavalo LP (Edi\u00e7\u00e3o EUA) com um desenho a l\u00e1pis adicionado de uma fruta [&hellip;]\" \/>\n<meta property=\"og:url\" content=\"https:\/\/rodrigo-amarante.com\/pt-br\/news\/rodrigo-anuncia-novo-album-drama\/\" \/>\n<meta property=\"og:site_name\" content=\"Rodrigo Amarante\" \/>\n<meta property=\"article:published_time\" content=\"2021-05-05T12:30:37+00:00\" \/>\n<meta property=\"article:modified_time\" content=\"2021-07-20T17:11:43+00:00\" \/>\n<meta property=\"og:image\" content=\"https:\/\/rodrigo-amarante.com\/wp-content\/uploads\/2021\/04\/PRC-422_HiRes-scaled.jpg\" \/>\n\t<meta property=\"og:image:width\" content=\"2560\" \/>\n\t<meta property=\"og:image:height\" content=\"2560\" \/>\n\t<meta property=\"og:image:type\" content=\"image\/jpeg\" \/>\n<meta name=\"twitter:card\" content=\"summary_large_image\" \/>\n<meta name=\"twitter:label1\" content=\"Escrito por\" \/>\n\t<meta name=\"twitter:data1\" content=\"Gary Walker\" \/>\n\t<meta name=\"twitter:label2\" content=\"Est. tempo de leitura\" \/>\n\t<meta name=\"twitter:data2\" content=\"1 minuto\" \/>\n<script type=\"application\/ld+json\" class=\"yoast-schema-graph\">{\"@context\":\"https:\/\/schema.org\",\"@graph\":[{\"@type\":\"WebSite\",\"@id\":\"https:\/\/rodrigo-amarante.com\/en\/#website\",\"url\":\"https:\/\/rodrigo-amarante.com\/en\/\",\"name\":\"Rodrigo Amarante\",\"description\":\"NY-based songwriter and multi-instrumentalist\",\"potentialAction\":[{\"@type\":\"SearchAction\",\"target\":{\"@type\":\"EntryPoint\",\"urlTemplate\":\"https:\/\/rodrigo-amarante.com\/en\/?s={search_term_string}\"},\"query-input\":\"required name=search_term_string\"}],\"inLanguage\":\"pt-BR\"},{\"@type\":\"ImageObject\",\"@id\":\"https:\/\/rodrigo-amarante.com\/pt-br\/news\/rodrigo-anuncia-novo-album-drama\/#primaryimage\",\"inLanguage\":\"pt-BR\",\"url\":\"https:\/\/rodrigo-amarante.com\/wp-content\/uploads\/2021\/04\/PRC-422_HiRes-scaled.jpg\",\"contentUrl\":\"https:\/\/rodrigo-amarante.com\/wp-content\/uploads\/2021\/04\/PRC-422_HiRes-scaled.jpg\",\"width\":2560,\"height\":2560},{\"@type\":\"WebPage\",\"@id\":\"https:\/\/rodrigo-amarante.com\/pt-br\/news\/rodrigo-anuncia-novo-album-drama\/#webpage\",\"url\":\"https:\/\/rodrigo-amarante.com\/pt-br\/news\/rodrigo-anuncia-novo-album-drama\/\",\"name\":\"Rodrigo anuncia novo \\u00e1lbum \\u201cDrama\\u201d, lan\\u00e7ado em 16 de julho pela Polyvinyl Records, divide primeiro single da Mar\\u00e9 com v\\u00eddeo - Rodrigo Amarante\",\"isPartOf\":{\"@id\":\"https:\/\/rodrigo-amarante.com\/en\/#website\"},\"primaryImageOfPage\":{\"@id\":\"https:\/\/rodrigo-amarante.com\/pt-br\/news\/rodrigo-anuncia-novo-album-drama\/#primaryimage\"},\"datePublished\":\"2021-05-05T12:30:37+00:00\",\"dateModified\":\"2021-07-20T17:11:43+00:00\",\"author\":{\"@id\":\"https:\/\/rodrigo-amarante.com\/en\/#\/schema\/person\/860d9ffdc62d3fa443a50f771fcc189a\"},\"breadcrumb\":{\"@id\":\"https:\/\/rodrigo-amarante.com\/pt-br\/news\/rodrigo-anuncia-novo-album-drama\/#breadcrumb\"},\"inLanguage\":\"pt-BR\",\"potentialAction\":[{\"@type\":\"ReadAction\",\"target\":[\"https:\/\/rodrigo-amarante.com\/pt-br\/news\/rodrigo-anuncia-novo-album-drama\/\"]}]},{\"@type\":\"BreadcrumbList\",\"@id\":\"https:\/\/rodrigo-amarante.com\/pt-br\/news\/rodrigo-anuncia-novo-album-drama\/#breadcrumb\",\"itemListElement\":[{\"@type\":\"ListItem\",\"position\":1,\"name\":\"Home\",\"item\":\"https:\/\/rodrigo-amarante.com\/pt-br\/\"},{\"@type\":\"ListItem\",\"position\":2,\"name\":\"Rodrigo anuncia novo \\u00e1lbum \\u201cDrama\\u201d, lan\\u00e7ado em 16 de julho pela Polyvinyl Records, divide primeiro single da Mar\\u00e9 com v\\u00eddeo\"}]},{\"@type\":\"Person\",\"@id\":\"https:\/\/rodrigo-amarante.com\/en\/#\/schema\/person\/860d9ffdc62d3fa443a50f771fcc189a\",\"name\":\"Gary Walker\",\"image\":{\"@type\":\"ImageObject\",\"@id\":\"https:\/\/rodrigo-amarante.com\/en\/#personlogo\",\"inLanguage\":\"pt-BR\",\"url\":\"https:\/\/secure.gravatar.com\/avatar\/c2bd2ac7a3409a24a1929ab0fbe3fdfa?s=96&d=mm&r=g\",\"contentUrl\":\"https:\/\/secure.gravatar.com\/avatar\/c2bd2ac7a3409a24a1929ab0fbe3fdfa?s=96&d=mm&r=g\",\"caption\":\"Gary Walker\"}}]}<\/script>\n<!-- \/ Yoast SEO plugin. -->","yoast_head_json":{"title":"Rodrigo anuncia novo \u00e1lbum \u201cDrama\u201d, lan\u00e7ado em 16 de julho pela Polyvinyl Records, divide primeiro single da Mar\u00e9 com v\u00eddeo - Rodrigo Amarante","robots":{"index":"index","follow":"follow","max-snippet":"max-snippet:-1","max-image-preview":"max-image-preview:large","max-video-preview":"max-video-preview:-1"},"canonical":"https:\/\/rodrigo-amarante.com\/pt-br\/news\/rodrigo-anuncia-novo-album-drama\/","og_locale":"pt_BR","og_type":"article","og_title":"Rodrigo anuncia novo \u00e1lbum \u201cDrama\u201d, lan\u00e7ado em 16 de julho pela Polyvinyl Records, divide primeiro single da Mar\u00e9 com v\u00eddeo - Rodrigo Amarante","og_description":"Rodrigo Amarante lan\u00e7ar\u00e1 seu aguardado sucessor de \u201cCavalo\u201d de 2014 com \u201cDrama\u201d em 16 de julho de 2021 pela Polyvinyl Records. Voc\u00ea pode pr\u00e9-encomendar &#8220;Drama&#8221; e salvar em seu servi\u00e7o de streaming favorito clicando AQUI. Voc\u00ea pode solicitar o original, anteriormente esgotado, Cavalo LP (Edi\u00e7\u00e3o EUA) com um desenho a l\u00e1pis adicionado de uma fruta [&hellip;]","og_url":"https:\/\/rodrigo-amarante.com\/pt-br\/news\/rodrigo-anuncia-novo-album-drama\/","og_site_name":"Rodrigo Amarante","article_published_time":"2021-05-05T12:30:37+00:00","article_modified_time":"2021-07-20T17:11:43+00:00","og_image":[{"width":2560,"height":2560,"url":"https:\/\/rodrigo-amarante.com\/wp-content\/uploads\/2021\/04\/PRC-422_HiRes-scaled.jpg","type":"image\/jpeg"}],"twitter_card":"summary_large_image","twitter_misc":{"Escrito por":"Gary Walker","Est. tempo de leitura":"1 minuto"},"schema":{"@context":"https:\/\/schema.org","@graph":[{"@type":"WebSite","@id":"https:\/\/rodrigo-amarante.com\/en\/#website","url":"https:\/\/rodrigo-amarante.com\/en\/","name":"Rodrigo Amarante","description":"NY-based songwriter and multi-instrumentalist","potentialAction":[{"@type":"SearchAction","target":{"@type":"EntryPoint","urlTemplate":"https:\/\/rodrigo-amarante.com\/en\/?s={search_term_string}"},"query-input":"required name=search_term_string"}],"inLanguage":"pt-BR"},{"@type":"ImageObject","@id":"https:\/\/rodrigo-amarante.com\/pt-br\/news\/rodrigo-anuncia-novo-album-drama\/#primaryimage","inLanguage":"pt-BR","url":"https:\/\/rodrigo-amarante.com\/wp-content\/uploads\/2021\/04\/PRC-422_HiRes-scaled.jpg","contentUrl":"https:\/\/rodrigo-amarante.com\/wp-content\/uploads\/2021\/04\/PRC-422_HiRes-scaled.jpg","width":2560,"height":2560},{"@type":"WebPage","@id":"https:\/\/rodrigo-amarante.com\/pt-br\/news\/rodrigo-anuncia-novo-album-drama\/#webpage","url":"https:\/\/rodrigo-amarante.com\/pt-br\/news\/rodrigo-anuncia-novo-album-drama\/","name":"Rodrigo anuncia novo \u00e1lbum \u201cDrama\u201d, lan\u00e7ado em 16 de julho pela Polyvinyl Records, divide primeiro single da Mar\u00e9 com v\u00eddeo - Rodrigo Amarante","isPartOf":{"@id":"https:\/\/rodrigo-amarante.com\/en\/#website"},"primaryImageOfPage":{"@id":"https:\/\/rodrigo-amarante.com\/pt-br\/news\/rodrigo-anuncia-novo-album-drama\/#primaryimage"},"datePublished":"2021-05-05T12:30:37+00:00","dateModified":"2021-07-20T17:11:43+00:00","author":{"@id":"https:\/\/rodrigo-amarante.com\/en\/#\/schema\/person\/860d9ffdc62d3fa443a50f771fcc189a"},"breadcrumb":{"@id":"https:\/\/rodrigo-amarante.com\/pt-br\/news\/rodrigo-anuncia-novo-album-drama\/#breadcrumb"},"inLanguage":"pt-BR","potentialAction":[{"@type":"ReadAction","target":["https:\/\/rodrigo-amarante.com\/pt-br\/news\/rodrigo-anuncia-novo-album-drama\/"]}]},{"@type":"BreadcrumbList","@id":"https:\/\/rodrigo-amarante.com\/pt-br\/news\/rodrigo-anuncia-novo-album-drama\/#breadcrumb","itemListElement":[{"@type":"ListItem","position":1,"name":"Home","item":"https:\/\/rodrigo-amarante.com\/pt-br\/"},{"@type":"ListItem","position":2,"name":"Rodrigo anuncia novo \u00e1lbum \u201cDrama\u201d, lan\u00e7ado em 16 de julho pela Polyvinyl Records, divide primeiro single da Mar\u00e9 com v\u00eddeo"}]},{"@type":"Person","@id":"https:\/\/rodrigo-amarante.com\/en\/#\/schema\/person\/860d9ffdc62d3fa443a50f771fcc189a","name":"Gary Walker","image":{"@type":"ImageObject","@id":"https:\/\/rodrigo-amarante.com\/en\/#personlogo","inLanguage":"pt-BR","url":"https:\/\/secure.gravatar.com\/avatar\/c2bd2ac7a3409a24a1929ab0fbe3fdfa?s=96&d=mm&r=g","contentUrl":"https:\/\/secure.gravatar.com\/avatar\/c2bd2ac7a3409a24a1929ab0fbe3fdfa?s=96&d=mm&r=g","caption":"Gary Walker"}}]}},"_links":{"self":[{"href":"https:\/\/rodrigo-amarante.com\/pt-br\/wp-json\/wp\/v2\/posts\/310"}],"collection":[{"href":"https:\/\/rodrigo-amarante.com\/pt-br\/wp-json\/wp\/v2\/posts"}],"about":[{"href":"https:\/\/rodrigo-amarante.com\/pt-br\/wp-json\/wp\/v2\/types\/post"}],"author":[{"embeddable":true,"href":"https:\/\/rodrigo-amarante.com\/pt-br\/wp-json\/wp\/v2\/users\/5"}],"replies":[{"embeddable":true,"href":"https:\/\/rodrigo-amarante.com\/pt-br\/wp-json\/wp\/v2\/comments?post=310"}],"version-history":[{"count":29,"href":"https:\/\/rodrigo-amarante.com\/pt-br\/wp-json\/wp\/v2\/posts\/310\/revisions"}],"predecessor-version":[{"id":474,"href":"https:\/\/rodrigo-amarante.com\/pt-br\/wp-json\/wp\/v2\/posts\/310\/revisions\/474"}],"wp:featuredmedia":[{"embeddable":true,"href":"https:\/\/rodrigo-amarante.com\/pt-br\/wp-json\/wp\/v2\/media\/287"}],"wp:attachment":[{"href":"https:\/\/rodrigo-amarante.com\/pt-br\/wp-json\/wp\/v2\/media?parent=310"}],"wp:term":[{"taxonomy":"category","embeddable":true,"href":"https:\/\/rodrigo-amarante.com\/pt-br\/wp-json\/wp\/v2\/categories?post=310"},{"taxonomy":"post_tag","embeddable":true,"href":"https:\/\/rodrigo-amarante.com\/pt-br\/wp-json\/wp\/v2\/tags?post=310"}],"curies":[{"name":"wp","href":"https:\/\/api.w.org\/{rel}","templated":true}]}}